{"id":32361,"date":"2024-07-19T09:28:08","date_gmt":"2024-07-19T07:28:08","guid":{"rendered":"https:\/\/www.hilase.cz\/?p=32361"},"modified":"2024-07-19T10:35:09","modified_gmt":"2024-07-19T08:35:09","slug":"deputy-speaker-of-the-chamber-of-deputies-at-hilase-centre","status":"publish","type":"post","link":"https:\/\/www.hilase.cz\/en\/deputy-speaker-of-the-chamber-of-deputies-at-hilase-centre\/","title":{"rendered":"Deputy Speaker of the Chamber of Deputies at HiLASE Centre"},"content":{"rendered":"","protected":false},"excerpt":{"rendered":"","protected":false},"author":15,"featured_media":0,"comment_status":"closed","ping_status":"closed","sticky":false,"template":"","format":"standard","meta":{"_acf_changed":false,"_monsterinsights_skip_tracking":false,"_monsterinsights_sitenote_active":false,"_monsterinsights_sitenote_note":"","_monsterinsights_sitenote_category":0,"footnotes":""},"categories":[34],"class_list":["post-32361","post","type-post","status-publish","format-standard","hentry","category-news"],"acf":{"obrazek":{"ID":32365,"id":32365,"title":"Thumbnails (1)","filename":"Thumbnails-1-4.png","filesize":93225,"url":"https:\/\/www.hilase.cz\/wp-content\/uploads\/Thumbnails-1-4.png","link":"https:\/\/www.hilase.cz\/en\/deputy-speaker-of-the-chamber-of-deputies-at-hilase-centre\/thumbnails-1-5\/","alt":"","author":"15","description":"","caption":"","name":"thumbnails-1-5","status":"inherit","uploaded_to":32361,"date":"2024-07-18 13:54:27","modified":"2024-07-18 13:54:27","menu_order":0,"mime_type":"image\/png","type":"image","subtype":"png","icon":"https:\/\/www.hilase.cz\/wp-includes\/images\/media\/default.png","width":314,"height":166,"sizes":{"thumbnail":"https:\/\/www.hilase.cz\/wp-content\/uploads\/Thumbnails-1-4-175x166.png","thumbnail-width":175,"thumbnail-height":166,"medium":"https:\/\/www.hilase.cz\/wp-content\/uploads\/Thumbnails-1-4.png","medium-width":314,"medium-height":166,"medium_large":"https:\/\/www.hilase.cz\/wp-content\/uploads\/Thumbnails-1-4.png","medium_large-width":314,"medium_large-height":166,"large":"https:\/\/www.hilase.cz\/wp-content\/uploads\/Thumbnails-1-4.png","large-width":314,"large-height":166,"1536x1536":"https:\/\/www.hilase.cz\/wp-content\/uploads\/Thumbnails-1-4.png","1536x1536-width":314,"1536x1536-height":166,"2048x2048":"https:\/\/www.hilase.cz\/wp-content\/uploads\/Thumbnails-1-4.png","2048x2048-width":314,"2048x2048-height":166,"image":"https:\/\/www.hilase.cz\/wp-content\/uploads\/Thumbnails-1-4.png","image-width":314,"image-height":166,"gallery":"https:\/\/www.hilase.cz\/wp-content\/uploads\/Thumbnails-1-4-273x166.png","gallery-width":273,"gallery-height":166,"card":"https:\/\/www.hilase.cz\/wp-content\/uploads\/Thumbnails-1-4.png","card-width":314,"card-height":166,"square":"https:\/\/www.hilase.cz\/wp-content\/uploads\/Thumbnails-1-4.png","square-width":314,"square-height":166}},"obsah":[{"acf_fc_layout":"text","text":"<p>Deputy Speaker of the <a href=\"https:\/\/www.psp.cz\">Chamber of Deputies<\/a><strong> Jan Skope\u010dek <\/strong>visited the HiLASE Centre on Wednesday the 17th of July. Alongside him, we also welcomed the president of the <a href=\"https:\/\/www.avcr.cz\/\">Czech Academy of Sciences<\/a>, <strong>Eva Za\u017e\u00edmalov\u00e1<\/strong>, and its vice-president <strong>Jan \u0158\u00eddk\u00fd<\/strong>.<\/p>\n<p><img decoding=\"async\" src=\"https:\/\/www.hilase.cz\/wp-content\/uploads\/exkurze-17.-1.png\" alt=\"\" \/><\/p>\n<p><strong>Tom\u00e1\u0161 Mocek<\/strong> (Head of the HiLASE Centre) and <strong>Jan Brajer<\/strong> (Head of <a href=\"https:\/\/www.hilase.cz\/en\/vyzkumne-programy\/industrial-laser-applications\/\">Industrial Laser Applications<\/a>) welcomed them and introduced the activities of the laser centre to the Deputy Speaker. In the clean laboratories, they showed the BIVOJ and PERLA laser systems, used (among other applications) for Laser Shock Peening (<a href=\"https:\/\/www.hilase.cz\/produkty\/laser-shock-peening-lsp\/\">LSP<\/a>), Laser Micromachining (<a href=\"https:\/\/www.hilase.cz\/en\/produkty\/laser-micromachining-lmm\/\">LMM<\/a>) and Laser Induced Damage Threshold (<a href=\"https:\/\/www.hilase.cz\/produkty\/urceni-prahu-poskozeni-zpusobeneho-laserem-lidt\/\">LIDT<\/a>). Lastly, they also visited the LSP experimental halls, where both industrial and experimental samples are treated.<\/p>\n<p>Thank you for your visit!<\/p>\n","oddelovace":"none"},{"acf_fc_layout":"galerie","galerie":[{"ID":32366,"id":32366,"title":"IMG_2477","filename":"IMG_2477-scaled.jpg","filesize":379577,"url":"https:\/\/www.hilase.cz\/wp-content\/uploads\/IMG_2477-scaled.jpg","link":"https:\/\/www.hilase.cz\/en\/deputy-speaker-of-the-chamber-of-deputies-at-hilase-centre\/img_2477\/","alt":"","author":"15","description":"","caption":"","name":"img_2477","status":"inherit","uploaded_to":32361,"date":"2024-07-18 13:55:43","modified":"2024-07-18 13:55:43","menu_order":0,"mime_type":"image\/jpeg","type":"image","subtype":"jpeg","icon":"https:\/\/www.hilase.cz\/wp-includes\/images\/media\/default.png","width":2560,"height":1707,"sizes":{"thumbnail":"https:\/\/www.hilase.cz\/wp-content\/uploads\/IMG_2477-175x175.jpg","thumbnail-width":175,"thumbnail-height":175,"medium":"https:\/\/www.hilase.cz\/wp-content\/uploads\/IMG_2477-600x400.jpg","medium-width":600,"medium-height":400,"medium_large":"https:\/\/www.hilase.cz\/wp-content\/uploads\/IMG_2477-768x512.jpg","medium_large-width":768,"medium_large-height":512,"large":"https:\/\/www.hilase.cz\/wp-content\/uploads\/IMG_2477-1800x1200.jpg","large-width":1800,"large-height":1200,"1536x1536":"https:\/\/www.hilase.cz\/wp-content\/uploads\/IMG_2477-1536x1024.jpg","1536x1536-width":1536,"1536x1536-height":1024,"2048x2048":"https:\/\/www.hilase.cz\/wp-content\/uploads\/IMG_2477-2048x1365.jpg","2048x2048-width":2048,"2048x2048-height":1365,"image":"https:\/\/www.hilase.cz\/wp-content\/uploads\/IMG_2477-1170x484.jpg","image-width":1170,"image-height":484,"gallery":"https:\/\/www.hilase.cz\/wp-content\/uploads\/IMG_2477-273x210.jpg","gallery-width":273,"gallery-height":210,"card":"https:\/\/www.hilase.cz\/wp-content\/uploads\/IMG_2477-740x390.jpg","card-width":740,"card-height":390,"square":"https:\/\/www.hilase.cz\/wp-content\/uploads\/IMG_2477-360x360.jpg","square-width":360,"square-height":360}},{"ID":32367,"id":32367,"title":"IMG_2491","filename":"IMG_2491-scaled.jpg","filesize":562266,"url":"https:\/\/www.hilase.cz\/wp-content\/uploads\/IMG_2491-scaled.jpg","link":"https:\/\/www.hilase.cz\/en\/deputy-speaker-of-the-chamber-of-deputies-at-hilase-centre\/img_2491\/","alt":"","author":"15","description":"","caption":"","name":"img_2491","status":"inherit","uploaded_to":32361,"date":"2024-07-18 13:55:58","modified":"2024-07-18 13:55:58","menu_order":0,"mime_type":"image\/jpeg","type":"image","subtype":"jpeg","icon":"https:\/\/www.hilase.cz\/wp-includes\/images\/media\/default.png","width":2560,"height":1707,"sizes":{"thumbnail":"https:\/\/www.hilase.cz\/wp-content\/uploads\/IMG_2491-175x175.jpg","thumbnail-width":175,"thumbnail-height":175,"medium":"https:\/\/www.hilase.cz\/wp-content\/uploads\/IMG_2491-600x400.jpg","medium-width":600,"medium-height":400,"medium_large":"https:\/\/www.hilase.cz\/wp-content\/uploads\/IMG_2491-768x512.jpg","medium_large-width":768,"medium_large-height":512,"large":"https:\/\/www.hilase.cz\/wp-content\/uploads\/IMG_2491-1800x1200.jpg","large-width":1800,"large-height":1200,"1536x1536":"https:\/\/www.hilase.cz\/wp-content\/uploads\/IMG_2491-1536x1024.jpg","1536x1536-width":1536,"1536x1536-height":1024,"2048x2048":"https:\/\/www.hilase.cz\/wp-content\/uploads\/IMG_2491-2048x1365.jpg","2048x2048-width":2048,"2048x2048-height":1365,"image":"https:\/\/www.hilase.cz\/wp-content\/uploads\/IMG_2491-1170x484.jpg","image-width":1170,"image-height":484,"gallery":"https:\/\/www.hilase.cz\/wp-content\/uploads\/IMG_2491-273x210.jpg","gallery-width":273,"gallery-height":210,"card":"https:\/\/www.hilase.cz\/wp-content\/uploads\/IMG_2491-740x390.jpg","card-width":740,"card-height":390,"square":"https:\/\/www.hilase.cz\/wp-content\/uploads\/IMG_2491-360x360.jpg","square-width":360,"square-height":360}},{"ID":32368,"id":32368,"title":"IMG_2518","filename":"IMG_2518-scaled.jpg","filesize":615191,"url":"https:\/\/www.hilase.cz\/wp-content\/uploads\/IMG_2518-scaled.jpg","link":"https:\/\/www.hilase.cz\/en\/deputy-speaker-of-the-chamber-of-deputies-at-hilase-centre\/img_2518\/","alt":"","author":"15","description":"","caption":"","name":"img_2518","status":"inherit","uploaded_to":32361,"date":"2024-07-18 13:56:10","modified":"2024-07-18 13:56:10","menu_order":0,"mime_type":"image\/jpeg","type":"image","subtype":"jpeg","icon":"https:\/\/www.hilase.cz\/wp-includes\/images\/media\/default.png","width":2560,"height":1706,"sizes":{"thumbnail":"https:\/\/www.hilase.cz\/wp-content\/uploads\/IMG_2518-175x175.jpg","thumbnail-width":175,"thumbnail-height":175,"medium":"https:\/\/www.hilase.cz\/wp-content\/uploads\/IMG_2518-600x400.jpg","medium-width":600,"medium-height":400,"medium_large":"https:\/\/www.hilase.cz\/wp-content\/uploads\/IMG_2518-768x512.jpg","medium_large-width":768,"medium_large-height":512,"large":"https:\/\/www.hilase.cz\/wp-content\/uploads\/IMG_2518-1800x1200.jpg","large-width":1800,"large-height":1200,"1536x1536":"https:\/\/www.hilase.cz\/wp-content\/uploads\/IMG_2518-1536x1024.jpg","1536x1536-width":1536,"1536x1536-height":1024,"2048x2048":"https:\/\/www.hilase.cz\/wp-content\/uploads\/IMG_2518-2048x1365.jpg","2048x2048-width":2048,"2048x2048-height":1365,"image":"https:\/\/www.hilase.cz\/wp-content\/uploads\/IMG_2518-1170x484.jpg","image-width":1170,"image-height":484,"gallery":"https:\/\/www.hilase.cz\/wp-content\/uploads\/IMG_2518-273x210.jpg","gallery-width":273,"gallery-height":210,"card":"https:\/\/www.hilase.cz\/wp-content\/uploads\/IMG_2518-740x390.jpg","card-width":740,"card-height":390,"square":"https:\/\/www.hilase.cz\/wp-content\/uploads\/IMG_2518-360x360.jpg","square-width":360,"square-height":360}},{"ID":32369,"id":32369,"title":"IMG_2533","filename":"IMG_2533-scaled.jpg","filesize":543649,"url":"https:\/\/www.hilase.cz\/wp-content\/uploads\/IMG_2533-scaled.jpg","link":"https:\/\/www.hilase.cz\/en\/deputy-speaker-of-the-chamber-of-deputies-at-hilase-centre\/img_2533\/","alt":"","author":"15","description":"","caption":"","name":"img_2533","status":"inherit","uploaded_to":32361,"date":"2024-07-18 13:56:13","modified":"2024-07-18 13:56:13","menu_order":0,"mime_type":"image\/jpeg","type":"image","subtype":"jpeg","icon":"https:\/\/www.hilase.cz\/wp-includes\/images\/media\/default.png","width":2560,"height":1707,"sizes":{"thumbnail":"https:\/\/www.hilase.cz\/wp-content\/uploads\/IMG_2533-175x175.jpg","thumbnail-width":175,"thumbnail-height":175,"medium":"https:\/\/www.hilase.cz\/wp-content\/uploads\/IMG_2533-600x400.jpg","medium-width":600,"medium-height":400,"medium_large":"https:\/\/www.hilase.cz\/wp-content\/uploads\/IMG_2533-768x512.jpg","medium_large-width":768,"medium_large-height":512,"large":"https:\/\/www.hilase.cz\/wp-content\/uploads\/IMG_2533-1800x1200.jpg","large-width":1800,"large-height":1200,"1536x1536":"https:\/\/www.hilase.cz\/wp-content\/uploads\/IMG_2533-1536x1024.jpg","1536x1536-width":1536,"1536x1536-height":1024,"2048x2048":"https:\/\/www.hilase.cz\/wp-content\/uploads\/IMG_2533-2048x1365.jpg","2048x2048-width":2048,"2048x2048-height":1365,"image":"https:\/\/www.hilase.cz\/wp-content\/uploads\/IMG_2533-1170x484.jpg","image-width":1170,"image-height":484,"gallery":"https:\/\/www.hilase.cz\/wp-content\/uploads\/IMG_2533-273x210.jpg","gallery-width":273,"gallery-height":210,"card":"https:\/\/www.hilase.cz\/wp-content\/uploads\/IMG_2533-740x390.jpg","card-width":740,"card-height":390,"square":"https:\/\/www.hilase.cz\/wp-content\/uploads\/IMG_2533-360x360.jpg","square-width":360,"square-height":360}},{"ID":32370,"id":32370,"title":"IMG_2540","filename":"IMG_2540-scaled.jpg","filesize":604429,"url":"https:\/\/www.hilase.cz\/wp-content\/uploads\/IMG_2540-scaled.jpg","link":"https:\/\/www.hilase.cz\/en\/deputy-speaker-of-the-chamber-of-deputies-at-hilase-centre\/img_2540\/","alt":"","author":"15","description":"","caption":"","name":"img_2540","status":"inherit","uploaded_to":32361,"date":"2024-07-18 13:56:24","modified":"2024-07-18 13:56:24","menu_order":0,"mime_type":"image\/jpeg","type":"image","subtype":"jpeg","icon":"https:\/\/www.hilase.cz\/wp-includes\/images\/media\/default.png","width":2560,"height":1707,"sizes":{"thumbnail":"https:\/\/www.hilase.cz\/wp-content\/uploads\/IMG_2540-175x175.jpg","thumbnail-width":175,"thumbnail-height":175,"medium":"https:\/\/www.hilase.cz\/wp-content\/uploads\/IMG_2540-600x400.jpg","medium-width":600,"medium-height":400,"medium_large":"https:\/\/www.hilase.cz\/wp-content\/uploads\/IMG_2540-768x512.jpg","medium_large-width":768,"medium_large-height":512,"large":"https:\/\/www.hilase.cz\/wp-content\/uploads\/IMG_2540-1800x1200.jpg","large-width":1800,"large-height":1200,"1536x1536":"https:\/\/www.hilase.cz\/wp-content\/uploads\/IMG_2540-1536x1024.jpg","1536x1536-width":1536,"1536x1536-height":1024,"2048x2048":"https:\/\/www.hilase.cz\/wp-content\/uploads\/IMG_2540-2048x1365.jpg","2048x2048-width":2048,"2048x2048-height":1365,"image":"https:\/\/www.hilase.cz\/wp-content\/uploads\/IMG_2540-1170x484.jpg","image-width":1170,"image-height":484,"gallery":"https:\/\/www.hilase.cz\/wp-content\/uploads\/IMG_2540-273x210.jpg","gallery-width":273,"gallery-height":210,"card":"https:\/\/www.hilase.cz\/wp-content\/uploads\/IMG_2540-740x390.jpg","card-width":740,"card-height":390,"square":"https:\/\/www.hilase.cz\/wp-content\/uploads\/IMG_2540-360x360.jpg","square-width":360,"square-height":360}},{"ID":32371,"id":32371,"title":"IMG_2428","filename":"IMG_2428-scaled.jpg","filesize":528178,"url":"https:\/\/www.hilase.cz\/wp-content\/uploads\/IMG_2428-scaled.jpg","link":"https:\/\/www.hilase.cz\/en\/deputy-speaker-of-the-chamber-of-deputies-at-hilase-centre\/img_2428\/","alt":"","author":"15","description":"","caption":"","name":"img_2428","status":"inherit","uploaded_to":32361,"date":"2024-07-18 13:56:37","modified":"2024-07-18 14:22:45","menu_order":0,"mime_type":"image\/jpeg","type":"image","subtype":"jpeg","icon":"https:\/\/www.hilase.cz\/wp-includes\/images\/media\/default.png","width":2560,"height":1707,"sizes":{"thumbnail":"https:\/\/www.hilase.cz\/wp-content\/uploads\/IMG_2428-175x175.jpg","thumbnail-width":175,"thumbnail-height":175,"medium":"https:\/\/www.hilase.cz\/wp-content\/uploads\/IMG_2428-600x400.jpg","medium-width":600,"medium-height":400,"medium_large":"https:\/\/www.hilase.cz\/wp-content\/uploads\/IMG_2428-768x512.jpg","medium_large-width":768,"medium_large-height":512,"large":"https:\/\/www.hilase.cz\/wp-content\/uploads\/IMG_2428-1800x1200.jpg","large-width":1800,"large-height":1200,"1536x1536":"https:\/\/www.hilase.cz\/wp-content\/uploads\/IMG_2428-1536x1024.jpg","1536x1536-width":1536,"1536x1536-height":1024,"2048x2048":"https:\/\/www.hilase.cz\/wp-content\/uploads\/IMG_2428-2048x1365.jpg","2048x2048-width":2048,"2048x2048-height":1365,"image":"https:\/\/www.hilase.cz\/wp-content\/uploads\/IMG_2428-1170x484.jpg","image-width":1170,"image-height":484,"gallery":"https:\/\/www.hilase.cz\/wp-content\/uploads\/IMG_2428-273x210.jpg","gallery-width":273,"gallery-height":210,"card":"https:\/\/www.hilase.cz\/wp-content\/uploads\/IMG_2428-740x390.jpg","card-width":740,"card-height":390,"square":"https:\/\/www.hilase.cz\/wp-content\/uploads\/IMG_2428-360x360.jpg","square-width":360,"square-height":360}}]}]},"yoast_head":"<!-- This site is optimized with the Yoast SEO plugin v23.9 - https:\/\/yoast.com\/wordpress\/plugins\/seo\/ -->\n<title>Deputy Speaker of the Chamber of Deputies at HiLASE Centre - HiLASE<\/title>\n<meta name=\"description\" content=\"Deputy Speaker of the Chamber of Deputies Jan Skope\u010dek visited the HiLASE Centre on Wednesday the 17th of July.\" \/>\n<meta name=\"robots\" content=\"index, follow, max-snippet:-1, max-image-preview:large, max-video-preview:-1\" \/>\n<link rel=\"canonical\" href=\"https:\/\/www.hilase.cz\/en\/deputy-speaker-of-the-chamber-of-deputies-at-hilase-centre\/\" \/>\n<meta property=\"og:locale\" content=\"en_US\" \/>\n<meta property=\"og:type\" content=\"article\" \/>\n<meta property=\"og:title\" content=\"Deputy Speaker of the Chamber of Deputies at HiLASE Centre\" \/>\n<meta property=\"og:description\" content=\"Deputy Speaker of the Chamber of Deputies Jan Skope\u010dek visited the HiLASE Centre on Wednesday the 17th of July.\" \/>\n<meta property=\"og:url\" content=\"https:\/\/www.hilase.cz\/en\/deputy-speaker-of-the-chamber-of-deputies-at-hilase-centre\/\" \/>\n<meta property=\"og:site_name\" content=\"HiLASE\" \/>\n<meta property=\"article:published_time\" content=\"2024-07-19T07:28:08+00:00\" \/>\n<meta property=\"article:modified_time\" content=\"2024-07-19T08:35:09+00:00\" \/>\n<meta property=\"og:image\" content=\"https:\/\/www.hilase.cz\/wp-content\/uploads\/exkurze-17.-1.png\" \/>\n\t<meta property=\"og:image:width\" content=\"1200\" \/>\n\t<meta property=\"og:image:height\" content=\"628\" \/>\n\t<meta property=\"og:image:type\" content=\"image\/png\" \/>\n<meta name=\"author\" content=\"Lucka \u0160t\u011bp\u00e1nkov\u00e1\" \/>\n<meta name=\"twitter:card\" content=\"summary_large_image\" \/>\n<meta name=\"twitter:label1\" content=\"Written by\" \/>\n\t<meta name=\"twitter:data1\" content=\"Lucka \u0160t\u011bp\u00e1nkov\u00e1\" \/>\n<script type=\"application\/ld+json\" class=\"yoast-schema-graph\">{\"@context\":\"https:\/\/schema.org\",\"@graph\":[{\"@type\":\"WebPage\",\"@id\":\"https:\/\/www.hilase.cz\/en\/deputy-speaker-of-the-chamber-of-deputies-at-hilase-centre\/\",\"url\":\"https:\/\/www.hilase.cz\/en\/deputy-speaker-of-the-chamber-of-deputies-at-hilase-centre\/\",\"name\":\"Deputy Speaker of the Chamber of Deputies at HiLASE Centre - HiLASE\",\"isPartOf\":{\"@id\":\"https:\/\/www.hilase.cz\/#website\"},\"datePublished\":\"2024-07-19T07:28:08+00:00\",\"dateModified\":\"2024-07-19T08:35:09+00:00\",\"author\":{\"@id\":\"https:\/\/www.hilase.cz\/#\/schema\/person\/8b266d02c9c458cbaa902f5ab2b9b8c0\"},\"description\":\"Deputy Speaker of the Chamber of Deputies Jan Skope\u010dek visited the HiLASE Centre on Wednesday the 17th of July.\",\"breadcrumb\":{\"@id\":\"https:\/\/www.hilase.cz\/en\/deputy-speaker-of-the-chamber-of-deputies-at-hilase-centre\/#breadcrumb\"},\"inLanguage\":\"en-US\",\"potentialAction\":[{\"@type\":\"ReadAction\",\"target\":[\"https:\/\/www.hilase.cz\/en\/deputy-speaker-of-the-chamber-of-deputies-at-hilase-centre\/\"]}]},{\"@type\":\"BreadcrumbList\",\"@id\":\"https:\/\/www.hilase.cz\/en\/deputy-speaker-of-the-chamber-of-deputies-at-hilase-centre\/#breadcrumb\",\"itemListElement\":[{\"@type\":\"ListItem\",\"position\":1,\"name\":\"Dom\u016f\",\"item\":\"https:\/\/www.hilase.cz\/en\/\"},{\"@type\":\"ListItem\",\"position\":2,\"name\":\"Deputy Speaker of the Chamber of Deputies at HiLASE Centre\"}]},{\"@type\":\"WebSite\",\"@id\":\"https:\/\/www.hilase.cz\/#website\",\"url\":\"https:\/\/www.hilase.cz\/\",\"name\":\"HiLASE\",\"description\":\"Hi-tech laserov\u00e9 v\u00fdzkumn\u00e9 centrum\",\"potentialAction\":[{\"@type\":\"SearchAction\",\"target\":{\"@type\":\"EntryPoint\",\"urlTemplate\":\"https:\/\/www.hilase.cz\/?s={search_term_string}\"},\"query-input\":{\"@type\":\"PropertyValueSpecification\",\"valueRequired\":true,\"valueName\":\"search_term_string\"}}],\"inLanguage\":\"en-US\"},{\"@type\":\"Person\",\"@id\":\"https:\/\/www.hilase.cz\/#\/schema\/person\/8b266d02c9c458cbaa902f5ab2b9b8c0\",\"name\":\"Lucka \u0160t\u011bp\u00e1nkov\u00e1\",\"image\":{\"@type\":\"ImageObject\",\"inLanguage\":\"en-US\",\"@id\":\"https:\/\/www.hilase.cz\/#\/schema\/person\/image\/\",\"url\":\"https:\/\/secure.gravatar.com\/avatar\/e47ee7cdaf414e72f42a4fa1508ed04b?s=96&d=mm&r=g\",\"contentUrl\":\"https:\/\/secure.gravatar.com\/avatar\/e47ee7cdaf414e72f42a4fa1508ed04b?s=96&d=mm&r=g\",\"caption\":\"Lucka \u0160t\u011bp\u00e1nkov\u00e1\"},\"url\":\"https:\/\/www.hilase.cz\/en\/author\/lucie-stepankovahilase-cz\/\"}]}<\/script>\n<!-- \/ Yoast SEO plugin. -->","yoast_head_json":{"title":"Deputy Speaker of the Chamber of Deputies at HiLASE Centre - HiLASE","description":"Deputy Speaker of the Chamber of Deputies Jan Skope\u010dek visited the HiLASE Centre on Wednesday the 17th of July.","robots":{"index":"index","follow":"follow","max-snippet":"max-snippet:-1","max-image-preview":"max-image-preview:large","max-video-preview":"max-video-preview:-1"},"canonical":"https:\/\/www.hilase.cz\/en\/deputy-speaker-of-the-chamber-of-deputies-at-hilase-centre\/","og_locale":"en_US","og_type":"article","og_title":"Deputy Speaker of the Chamber of Deputies at HiLASE Centre","og_description":"Deputy Speaker of the Chamber of Deputies Jan Skope\u010dek visited the HiLASE Centre on Wednesday the 17th of July.","og_url":"https:\/\/www.hilase.cz\/en\/deputy-speaker-of-the-chamber-of-deputies-at-hilase-centre\/","og_site_name":"HiLASE","article_published_time":"2024-07-19T07:28:08+00:00","article_modified_time":"2024-07-19T08:35:09+00:00","og_image":[{"width":1200,"height":628,"url":"https:\/\/www.hilase.cz\/wp-content\/uploads\/exkurze-17.-1.png","type":"image\/png"}],"author":"Lucka \u0160t\u011bp\u00e1nkov\u00e1","twitter_card":"summary_large_image","twitter_misc":{"Written by":"Lucka \u0160t\u011bp\u00e1nkov\u00e1"},"schema":{"@context":"https:\/\/schema.org","@graph":[{"@type":"WebPage","@id":"https:\/\/www.hilase.cz\/en\/deputy-speaker-of-the-chamber-of-deputies-at-hilase-centre\/","url":"https:\/\/www.hilase.cz\/en\/deputy-speaker-of-the-chamber-of-deputies-at-hilase-centre\/","name":"Deputy Speaker of the Chamber of Deputies at HiLASE Centre - HiLASE","isPartOf":{"@id":"https:\/\/www.hilase.cz\/#website"},"datePublished":"2024-07-19T07:28:08+00:00","dateModified":"2024-07-19T08:35:09+00:00","author":{"@id":"https:\/\/www.hilase.cz\/#\/schema\/person\/8b266d02c9c458cbaa902f5ab2b9b8c0"},"description":"Deputy Speaker of the Chamber of Deputies Jan Skope\u010dek visited the HiLASE Centre on Wednesday the 17th of July.","breadcrumb":{"@id":"https:\/\/www.hilase.cz\/en\/deputy-speaker-of-the-chamber-of-deputies-at-hilase-centre\/#breadcrumb"},"inLanguage":"en-US","potentialAction":[{"@type":"ReadAction","target":["https:\/\/www.hilase.cz\/en\/deputy-speaker-of-the-chamber-of-deputies-at-hilase-centre\/"]}]},{"@type":"BreadcrumbList","@id":"https:\/\/www.hilase.cz\/en\/deputy-speaker-of-the-chamber-of-deputies-at-hilase-centre\/#breadcrumb","itemListElement":[{"@type":"ListItem","position":1,"name":"Dom\u016f","item":"https:\/\/www.hilase.cz\/en\/"},{"@type":"ListItem","position":2,"name":"Deputy Speaker of the Chamber of Deputies at HiLASE Centre"}]},{"@type":"WebSite","@id":"https:\/\/www.hilase.cz\/#website","url":"https:\/\/www.hilase.cz\/","name":"HiLASE","description":"Hi-tech laserov\u00e9 v\u00fdzkumn\u00e9 centrum","potentialAction":[{"@type":"SearchAction","target":{"@type":"EntryPoint","urlTemplate":"https:\/\/www.hilase.cz\/?s={search_term_string}"},"query-input":{"@type":"PropertyValueSpecification","valueRequired":true,"valueName":"search_term_string"}}],"inLanguage":"en-US"},{"@type":"Person","@id":"https:\/\/www.hilase.cz\/#\/schema\/person\/8b266d02c9c458cbaa902f5ab2b9b8c0","name":"Lucka \u0160t\u011bp\u00e1nkov\u00e1","image":{"@type":"ImageObject","inLanguage":"en-US","@id":"https:\/\/www.hilase.cz\/#\/schema\/person\/image\/","url":"https:\/\/secure.gravatar.com\/avatar\/e47ee7cdaf414e72f42a4fa1508ed04b?s=96&d=mm&r=g","contentUrl":"https:\/\/secure.gravatar.com\/avatar\/e47ee7cdaf414e72f42a4fa1508ed04b?s=96&d=mm&r=g","caption":"Lucka \u0160t\u011bp\u00e1nkov\u00e1"},"url":"https:\/\/www.hilase.cz\/en\/author\/lucie-stepankovahilase-cz\/"}]}},"_lang":{"cs":{"translation_id":5420,"language_code":"cs","element_id":32359,"source_language_code":null,"element_type":"post_post","original":1,"post_title":"M\u00edstop\u0159edseda Poslaneck\u00e9 sn\u011bmovny v Centru HiLASE","post_status":"publish"},"en":{"translation_id":5421,"language_code":"en","element_id":32361,"source_language_code":"cs","element_type":"post_post","original":0,"post_title":"Deputy Speaker of the Chamber of Deputies at HiLASE Centre","post_status":"publish"}},"_links":{"self":[{"href":"https:\/\/www.hilase.cz\/en\/wp-json\/wp\/v2\/posts\/32361","targetHints":{"allow":["GET"]}}],"collection":[{"href":"https:\/\/www.hilase.cz\/en\/wp-json\/wp\/v2\/posts"}],"about":[{"href":"https:\/\/www.hilase.cz\/en\/wp-json\/wp\/v2\/types\/post"}],"author":[{"embeddable":true,"href":"https:\/\/www.hilase.cz\/en\/wp-json\/wp\/v2\/users\/15"}],"replies":[{"embeddable":true,"href":"https:\/\/www.hilase.cz\/en\/wp-json\/wp\/v2\/comments?post=32361"}],"version-history":[{"count":5,"href":"https:\/\/www.hilase.cz\/en\/wp-json\/wp\/v2\/posts\/32361\/revisions"}],"predecessor-version":[{"id":32378,"href":"https:\/\/www.hilase.cz\/en\/wp-json\/wp\/v2\/posts\/32361\/revisions\/32378"}],"wp:attachment":[{"href":"https:\/\/www.hilase.cz\/en\/wp-json\/wp\/v2\/media?parent=32361"}],"wp:term":[{"taxonomy":"category","embeddable":true,"href":"https:\/\/www.hilase.cz\/en\/wp-json\/wp\/v2\/categories?post=32361"}],"curies":[{"name":"wp","href":"https:\/\/api.w.org\/{rel}","templated":true}]}}